{"id":21613,"date":"2020-05-26T19:14:09","date_gmt":"2020-05-26T17:14:09","guid":{"rendered":"http:\/\/crechelespiouspious.fr\/?p=21613"},"modified":"2026-04-12T21:14:20","modified_gmt":"2026-04-12T19:14:20","slug":"accompagnement-de-lenfant","status":"publish","type":"post","link":"https:\/\/crechelespiouspious.fr\/?p=21613","title":{"rendered":"Accompagnement de l&rsquo;enfant"},"content":{"rendered":"\n<p>\u00a0<\/p>\n<p><img loading=\"lazy\" decoding=\"async\" class=\"aligncenter wp-image-21833\" src=\"http:\/\/crechelespiouspious.fr\/wp-content\/uploads\/Frise-\u00e0-4-09.jpg\" alt=\"\" width=\"599\" height=\"228\" srcset=\"https:\/\/crechelespiouspious.fr\/wp-content\/uploads\/Frise-\u00e0-4-09.jpg 820w, https:\/\/crechelespiouspious.fr\/wp-content\/uploads\/Frise-\u00e0-4-09-300x114.jpg 300w, https:\/\/crechelespiouspious.fr\/wp-content\/uploads\/Frise-\u00e0-4-09-768x292.jpg 768w, https:\/\/crechelespiouspious.fr\/wp-content\/uploads\/Frise-\u00e0-4-09-700x266.jpg 700w\" sizes=\"auto, (max-width: 599px) 100vw, 599px\" \/><\/p>\n<h2><span style=\"font-family: verdana, geneva, sans-serif; color: #000000;\"><strong>L&rsquo;accompagnement de l&rsquo;enfant dans ses apprentissages<\/strong><\/span><\/h2>\n<p><span style=\"font-family: verdana, geneva, sans-serif; color: #808080;\">La cr\u00e8che accompagne les enfants afin qu\u2019ils gagnent en autonomie, tout en respectant leur rythme. Selon les \u00e2ges des enfants, on ne pourra pas avoir les m\u00eames attentes\u00a0: apprendre \u00e0 manger tout seul, \u00eatre avec le groupe et savoir attendre son tour, jouer ensemble, partager les jeux, les ranger\u2026<\/span><\/p>\n<p><span style=\"font-family: verdana, geneva, sans-serif; color: #808080;\">Les plus grands doivent apprendre \u00e0 faire attention aux plus jeunes qui n\u2019ont pas encore l\u2019usage du langage. Ce respect est mutuel et les plus jeunes sont aussi invit\u00e9s \u00e0 respecter l\u2019espace des plus grands.<\/span><\/p>\n<h2><span style=\"color: #000000; font-family: verdana, geneva, sans-serif;\"><strong>Des espaces am\u00e9nag\u00e9s pour chaque \u00e9tape<\/strong><\/span><\/h2>\n<p style=\"text-align: left;\"><span style=\"font-family: verdana, geneva, sans-serif; color: #808080;\">Certains espaces ont \u00e9t\u00e9 tout sp\u00e9cialement am\u00e9nag\u00e9s dans l\u2019optique de permettre aux enfants de faire certaines choses seuls : accessibilit\u00e9 de jeux (pour permettre aux enfants de faire leurs propres choix), des sanitaires\u00a0: toilettes, lavabo (pour faciliter l\u2019apprentissage de la propret\u00e9 aux enfants qui sont pr\u00eats et le lavage des mains plus autonome).<\/span><\/p>\n<p><span style=\"font-family: verdana, geneva, sans-serif;\"><img loading=\"lazy\" decoding=\"async\" class=\" wp-image-21611 aligncenter\" src=\"http:\/\/crechelespiouspious.fr\/wp-content\/uploads\/Petite-fille-et-papa-qui-peint-300x200.jpg\" alt=\"\" width=\"651\" height=\"434\" srcset=\"https:\/\/crechelespiouspious.fr\/wp-content\/uploads\/Petite-fille-et-papa-qui-peint-300x200.jpg 300w, https:\/\/crechelespiouspious.fr\/wp-content\/uploads\/Petite-fille-et-papa-qui-peint-1024x683.jpg 1024w, https:\/\/crechelespiouspious.fr\/wp-content\/uploads\/Petite-fille-et-papa-qui-peint-768x512.jpg 768w, https:\/\/crechelespiouspious.fr\/wp-content\/uploads\/Petite-fille-et-papa-qui-peint-1536x1024.jpg 1536w, https:\/\/crechelespiouspious.fr\/wp-content\/uploads\/Petite-fille-et-papa-qui-peint-2048x1366.jpg 2048w, https:\/\/crechelespiouspious.fr\/wp-content\/uploads\/Petite-fille-et-papa-qui-peint-700x467.jpg 700w\" sizes=\"auto, (max-width: 651px) 100vw, 651px\" \/><\/span><\/p>\n<h2><span style=\"color: #000000; font-family: verdana, geneva, sans-serif;\"><strong>Chacun va \u00e0 son rythme<\/strong><\/span><\/h2>\n<p><span style=\"font-family: verdana, geneva, sans-serif; color: #808080;\">Toujours dans le respect du rythme et du d\u00e9veloppement de chaque enfant, un b\u00e9b\u00e9 ne sera jamais assis s\u2019il ne ma\u00eetrise pas la position de lui-m\u00eame.<\/span><\/p>\n<p><span style=\"font-family: verdana, geneva, sans-serif; color: #808080;\">Si l\u2019enfant ne se l\u00e2che pas tout seul, on ne le fera pas marcher. <\/span><\/p>\n<p><span style=\"font-family: verdana, geneva, sans-serif; color: #808080;\">R\u00e9guli\u00e8rement, l\u2019\u00e9quipe propose un atelier motricit\u00e9 (parcours moteur, ballon, cerceaux, tunnel\u2026) afin de favoriser le d\u00e9veloppement moteur de chaque enfant en fonction de son \u00e2ge et de sa maturit\u00e9 physique. Il permet \u00e0 chacun de d\u00e9velopper la marche, l\u2019\u00e9quilibre et la coordination de son corps dans son ensemble, dans un espace s\u00e9curisant.<\/span><\/p>\n\n\n","protected":false},"excerpt":{"rendered":"<p>\u00a0 L&rsquo;accompagnement de l&rsquo;enfant dans ses apprentissages La cr\u00e8che accompagne les enfants afin qu\u2019ils gagnent en autonomie, tout en respectant leur rythme. Selon les \u00e2ges des enfants, on ne pourra pas avoir les m\u00eames attentes\u00a0: apprendre \u00e0 manger tout seul, \u00eatre avec le groupe et savoir attendre son tour, jouer ensemble, partager les jeux, les [&hellip;]<\/p>\n","protected":false},"author":6,"featured_media":0,"comment_status":"closed","ping_status":"open","sticky":false,"template":"","format":"standard","meta":{"footnotes":""},"categories":[309,311],"tags":[],"class_list":["post-21613","post","type-post","status-publish","format-standard","hentry","category-accueil","category-notre-projet"],"_links":{"self":[{"href":"https:\/\/crechelespiouspious.fr\/index.php?rest_route=\/wp\/v2\/posts\/21613","targetHints":{"allow":["GET"]}}],"collection":[{"href":"https:\/\/crechelespiouspious.fr\/index.php?rest_route=\/wp\/v2\/posts"}],"about":[{"href":"https:\/\/crechelespiouspious.fr\/index.php?rest_route=\/wp\/v2\/types\/post"}],"author":[{"embeddable":true,"href":"https:\/\/crechelespiouspious.fr\/index.php?rest_route=\/wp\/v2\/users\/6"}],"replies":[{"embeddable":true,"href":"https:\/\/crechelespiouspious.fr\/index.php?rest_route=%2Fwp%2Fv2%2Fcomments&post=21613"}],"version-history":[{"count":11,"href":"https:\/\/crechelespiouspious.fr\/index.php?rest_route=\/wp\/v2\/posts\/21613\/revisions"}],"predecessor-version":[{"id":22559,"href":"https:\/\/crechelespiouspious.fr\/index.php?rest_route=\/wp\/v2\/posts\/21613\/revisions\/22559"}],"wp:attachment":[{"href":"https:\/\/crechelespiouspious.fr\/index.php?rest_route=%2Fwp%2Fv2%2Fmedia&parent=21613"}],"wp:term":[{"taxonomy":"category","embeddable":true,"href":"https:\/\/crechelespiouspious.fr\/index.php?rest_route=%2Fwp%2Fv2%2Fcategories&post=21613"},{"taxonomy":"post_tag","embeddable":true,"href":"https:\/\/crechelespiouspious.fr\/index.php?rest_route=%2Fwp%2Fv2%2Ftags&post=21613"}],"curies":[{"name":"wp","href":"https:\/\/api.w.org\/{rel}","templated":true}]}}